{"id":6206,"date":"2025-08-29T14:25:52","date_gmt":"2025-08-29T13:25:52","guid":{"rendered":"https:\/\/crghagen.de\/?p=6206"},"modified":"2025-08-29T14:30:12","modified_gmt":"2025-08-29T13:30:12","slug":"einladung-zur-informationsveranstaltung-des-foerdervereins","status":"publish","type":"post","link":"https:\/\/crghagen.de\/?p=6206","title":{"rendered":"Einladung zur Informationsveranstaltung des F\u00f6rdervereins"},"content":{"rendered":"\t\t<div data-elementor-type=\"wp-post\" data-elementor-id=\"6206\" class=\"elementor elementor-6206\">\n\t\t\t\t\t\t<div class=\"elementor-inner\">\n\t\t\t\t<div class=\"elementor-section-wrap\">\n\t\t\t\t\t\t\t\t\t<section class=\"elementor-section elementor-top-section elementor-element elementor-element-3010126 elementor-section-boxed elementor-section-height-default elementor-section-height-default\" data-id=\"3010126\" data-element_type=\"section\">\n\t\t\t\t\t\t<div class=\"elementor-container elementor-column-gap-default\">\n\t\t\t\t\t\t\t<div class=\"elementor-row\">\n\t\t\t\t\t<div class=\"elementor-column elementor-col-100 elementor-top-column elementor-element elementor-element-86ae09a\" data-id=\"86ae09a\" data-element_type=\"column\">\n\t\t\t<div class=\"elementor-column-wrap elementor-element-populated\">\n\t\t\t\t\t\t\t<div class=\"elementor-widget-wrap\">\n\t\t\t\t\t\t<div class=\"elementor-element elementor-element-70e0a62 elementor-widget elementor-widget-text-editor\" data-id=\"70e0a62\" data-element_type=\"widget\" data-widget_type=\"text-editor.default\">\n\t\t\t\t<div class=\"elementor-widget-container\">\n\t\t\t\t\t\t\t\t<div class=\"elementor-text-editor elementor-clearfix\">\n\t\t\t\t<p>Liebe Mitglieder der Schulgemeinschaft des CRG,<\/p><p>der F\u00f6rderverein l\u00e4dt herzlich zur\u00a0allgemeinen Informations-veranstaltung\u00a0ein! Wir m\u00f6chten euch einen kurzen\u00a0Status Quo\u00a0geben, gemeinsam auf das bisher Erreichte zur\u00fcckblicken und einen Ausblick auf kommende Projekte und Vorhaben werfen.\u00a0<\/p><p><img decoding=\"async\" class=\"emoji\" role=\"img\" draggable=\"false\" src=\"https:\/\/s.w.org\/images\/core\/emoji\/16.0.1\/svg\/1f5d3.svg\" alt=\"\ud83d\uddd3\" \/>\u00a0Wann?\u00a0Mittwoch,\u00a003.09.2025\u00a0um\u00a018:00 Uhr\u00a0<\/p><p><img decoding=\"async\" class=\"emoji\" role=\"img\" draggable=\"false\" src=\"https:\/\/s.w.org\/images\/core\/emoji\/16.0.1\/svg\/1f4cd.svg\" alt=\"\ud83d\udccd\" \/>\u00a0Wo?\u00a0Raum\u00a0K32\u00a0<\/p><p>Ob langj\u00e4hriges Mitglied, interessierte Eltern, Lehrkr\u00e4fte oder engagierte Sch\u00fcler:innen \u2013 alle sind willkommen! Es geht um Austausch, Transparenz und neue Ideen f\u00fcr die Zukunft unserer Schule. Wir freuen uns auf euer Kommen und einen inspirierenden Abend!<\/p><p>Herzliche Gr\u00fc\u00dfe<\/p><p>Euer F\u00f6rderverein des CRG<\/p>\t\t\t\t\t<\/div>\n\t\t\t\t\t\t<\/div>\n\t\t\t\t<\/div>\n\t\t\t\t\t\t<\/div>\n\t\t\t\t\t<\/div>\n\t\t<\/div>\n\t\t\t\t\t\t\t\t<\/div>\n\t\t\t\t\t<\/div>\n\t\t<\/section>\n\t\t\t\t\t\t\t\t\t<\/div>\n\t\t\t<\/div>\n\t\t\t\t\t<\/div>\n\t\t","protected":false},"excerpt":{"rendered":"<p>Liebe Mitglieder der Schulgemeinschaft des CRG, der F\u00f6rderverein l\u00e4dt herzlich zur\u00a0allgemeinen Informations-veranstaltung\u00a0ein! Wir m\u00f6chten euch einen kurzen\u00a0Status Quo\u00a0geben, gemeinsam auf das bisher Erreichte zur\u00fcckblicken und einen Ausblick auf kommende Projekte und Vorhaben werfen.\u00a0 \u00a0Wann?\u00a0Mittwoch,\u00a003.09.2025\u00a0um\u00a018:00 Uhr\u00a0 \u00a0Wo?\u00a0Raum\u00a0K32\u00a0 Ob langj\u00e4hriges Mitglied, interessierte Eltern, Lehrkr\u00e4fte oder engagierte Sch\u00fcler:innen \u2013 alle sind willkommen! Es geht um Austausch, Transparenz und [&hellip;]<\/p>\n","protected":false},"author":9,"featured_media":4438,"comment_status":"open","ping_status":"open","sticky":false,"template":"","format":"standard","meta":{"footnotes":""},"categories":[4],"tags":[],"class_list":["post-6206","post","type-post","status-publish","format-standard","has-post-thumbnail","hentry","category-allgemein","gallery-content-unit"],"_links":{"self":[{"href":"https:\/\/crghagen.de\/index.php?rest_route=\/wp\/v2\/posts\/6206","targetHints":{"allow":["GET"]}}],"collection":[{"href":"https:\/\/crghagen.de\/index.php?rest_route=\/wp\/v2\/posts"}],"about":[{"href":"https:\/\/crghagen.de\/index.php?rest_route=\/wp\/v2\/types\/post"}],"author":[{"embeddable":true,"href":"https:\/\/crghagen.de\/index.php?rest_route=\/wp\/v2\/users\/9"}],"replies":[{"embeddable":true,"href":"https:\/\/crghagen.de\/index.php?rest_route=%2Fwp%2Fv2%2Fcomments&post=6206"}],"version-history":[{"count":7,"href":"https:\/\/crghagen.de\/index.php?rest_route=\/wp\/v2\/posts\/6206\/revisions"}],"predecessor-version":[{"id":6213,"href":"https:\/\/crghagen.de\/index.php?rest_route=\/wp\/v2\/posts\/6206\/revisions\/6213"}],"wp:featuredmedia":[{"embeddable":true,"href":"https:\/\/crghagen.de\/index.php?rest_route=\/wp\/v2\/media\/4438"}],"wp:attachment":[{"href":"https:\/\/crghagen.de\/index.php?rest_route=%2Fwp%2Fv2%2Fmedia&parent=6206"}],"wp:term":[{"taxonomy":"category","embeddable":true,"href":"https:\/\/crghagen.de\/index.php?rest_route=%2Fwp%2Fv2%2Fcategories&post=6206"},{"taxonomy":"post_tag","embeddable":true,"href":"https:\/\/crghagen.de\/index.php?rest_route=%2Fwp%2Fv2%2Ftags&post=6206"}],"curies":[{"name":"wp","href":"https:\/\/api.w.org\/{rel}","templated":true}]}}