{"id":5706,"date":"2024-09-16T15:25:36","date_gmt":"2024-09-16T14:25:36","guid":{"rendered":"https:\/\/crghagen.de\/?p=5706"},"modified":"2024-09-16T15:36:41","modified_gmt":"2024-09-16T14:36:41","slug":"ausgezeichnet-crg-ist-schule-der-zukunft","status":"publish","type":"post","link":"https:\/\/crghagen.de\/?p=5706","title":{"rendered":"Ausgezeichnet! Das CRG ist \u201eSchule der Zukunft\u201c"},"content":{"rendered":"\t\t<div data-elementor-type=\"wp-post\" data-elementor-id=\"5706\" class=\"elementor elementor-5706\">\n\t\t\t\t\t\t<div class=\"elementor-inner\">\n\t\t\t\t<div class=\"elementor-section-wrap\">\n\t\t\t\t\t\t\t\t\t<section class=\"elementor-section elementor-top-section elementor-element elementor-element-d79791d elementor-section-boxed elementor-section-height-default elementor-section-height-default\" data-id=\"d79791d\" data-element_type=\"section\">\n\t\t\t\t\t\t<div class=\"elementor-container elementor-column-gap-default\">\n\t\t\t\t\t\t\t<div class=\"elementor-row\">\n\t\t\t\t\t<div class=\"elementor-column elementor-col-100 elementor-top-column elementor-element elementor-element-efdd99c\" data-id=\"efdd99c\" data-element_type=\"column\">\n\t\t\t<div class=\"elementor-column-wrap elementor-element-populated\">\n\t\t\t\t\t\t\t<div class=\"elementor-widget-wrap\">\n\t\t\t\t\t\t<div class=\"elementor-element elementor-element-5b4da77 elementor-widget elementor-widget-text-editor\" data-id=\"5b4da77\" data-element_type=\"widget\" data-widget_type=\"text-editor.default\">\n\t\t\t\t<div class=\"elementor-widget-container\">\n\t\t\t\t\t\t\t\t<div class=\"elementor-text-editor elementor-clearfix\">\n\t\t\t\t<div><p style=\"text-align: left;\" align=\"center\">Zum zweiten Mal nach 2020 wurde das CRG als \u201eSchule der Zukunft\u201c vom Land NRW ausgezeichnet. Anders als vor vier Jahren, als die Veranstaltung wegen Corona ausfiel, konnten wir uns diesmal T\u00fcrschild, Urkunde, Banner usw. pers\u00f6nlich \u00fcberreichen lassen.<\/p><\/div><div><p>Dazu reiste eine Abordnung der Schule-der-Zukunft-Gruppe am Dienstag, den 10.9. nach Schwerte. Mit dabei waren Frau Spallek, Frau Scheiermann, Jana Kersten (Q1), Elias Wi\u00dfer (8a) und Herr Gawlick als Koordinator. Zusammen mit einigen anderen Schulen aus dem Kreis hatten wir die \u201eStufe 1\u201c erreicht. Da wir als einzige vor Ort ein Gymnasium vertraten, lie\u00dfen wir uns von den ausgezeichneten Gesamt- und Grundschulen \u00fcber ihre Aktivit\u00e4ten informieren: Es gab Schulh\u00f6fe mit Komposthaufen und Wurmkiste zu bestaunen, in Witten die \u201eGoldene M\u00fclltonne\u201c (f\u00fcr die \u201em\u00fcllfreieste Klasse\u201c), und in Schwerte wurden \u201eWald-Guides\u201c ausgebildet u. v. a. m.<\/p><\/div><div><p>Wir haben auch ein paar Ideen (Heftet\u00fcten! Fairtradelimo!) geteilt und selber welche entwickelt: ein Tauschregal f\u00fcr Materialien, die man nur einmal in der Schullaufbahn braucht (bestimmte Deutschlekt\u00fcren), eine Secondhandb\u00f6rse f\u00fcr entsprechende Dinge, die noch mehr kosten (Taschenrechner, W\u00f6rterb\u00fccher, Utensilien f\u00fcr die Skifahrt \u2026), ein gr\u00fcnes Klassenzimmer, vielleicht sogar ein Feuchtbiotop auf dem Schulgel\u00e4nde, eine Veranstaltung zum Upcycling (wo aus verbrauchten Dinge Neues wird). Zuallererst steht aber die M\u00fclltrennung an \u2013 und da k\u00f6nnen alle mitmachen! \u00a0<\/p><\/div>\t\t\t\t\t<\/div>\n\t\t\t\t\t\t<\/div>\n\t\t\t\t<\/div>\n\t\t\t\t\t\t<\/div>\n\t\t\t\t\t<\/div>\n\t\t<\/div>\n\t\t\t\t\t\t\t\t<\/div>\n\t\t\t\t\t<\/div>\n\t\t<\/section>\n\t\t\t\t<section class=\"elementor-section elementor-top-section elementor-element elementor-element-ec6d0a2 elementor-section-boxed elementor-section-height-default elementor-section-height-default\" data-id=\"ec6d0a2\" data-element_type=\"section\">\n\t\t\t\t\t\t<div class=\"elementor-container elementor-column-gap-default\">\n\t\t\t\t\t\t\t<div class=\"elementor-row\">\n\t\t\t\t\t<div class=\"elementor-column elementor-col-100 elementor-top-column elementor-element elementor-element-877b88d\" data-id=\"877b88d\" data-element_type=\"column\">\n\t\t\t<div class=\"elementor-column-wrap elementor-element-populated\">\n\t\t\t\t\t\t\t<div class=\"elementor-widget-wrap\">\n\t\t\t\t\t\t<div class=\"elementor-element elementor-element-48a983d elementor-widget elementor-widget-image\" data-id=\"48a983d\" data-element_type=\"widget\" data-widget_type=\"image.default\">\n\t\t\t\t<div class=\"elementor-widget-container\">\n\t\t\t\t\t\t\t\t<div class=\"elementor-image\">\n\t\t\t\t\t\t\t\t\t<figure class=\"wp-caption\">\n\t\t\t\t\t\t\t\t\t\t<img loading=\"lazy\" decoding=\"async\" width=\"900\" height=\"675\" src=\"https:\/\/crghagen.de\/wp-content\/uploads\/2024\/09\/IMG_1545-1024x768.jpeg\" class=\"attachment-large size-large wp-image-5711\" alt=\"\" srcset=\"https:\/\/crghagen.de\/wp-content\/uploads\/2024\/09\/IMG_1545-1024x768.jpeg 1024w, https:\/\/crghagen.de\/wp-content\/uploads\/2024\/09\/IMG_1545-300x225.jpeg 300w, https:\/\/crghagen.de\/wp-content\/uploads\/2024\/09\/IMG_1545-768x576.jpeg 768w, https:\/\/crghagen.de\/wp-content\/uploads\/2024\/09\/IMG_1545-1536x1152.jpeg 1536w, https:\/\/crghagen.de\/wp-content\/uploads\/2024\/09\/IMG_1545.jpeg 1600w\" sizes=\"auto, (max-width: 900px) 100vw, 900px\" \/>\t\t\t\t\t\t\t\t\t\t\t<figcaption class=\"widget-image-caption wp-caption-text\">von links nach rechts: Frau Scheiermann, Elias Wi\u00dfer, Herr Gawlick, Jana Kersten;  au\u00dfen applaudieren Frau Frank (vom Marienhof: DAS Hagener Zentrum f\u00fcr \u201eBildung f\u00fcr nachhaltige Entwicklung\u201c) u. Frau Kappmeier-Klenk (Landeskoordinatorin)<\/figcaption>\n\t\t\t\t\t\t\t\t\t\t<\/figure>\n\t\t\t\t\t\t\t\t<\/div>\n\t\t\t\t\t\t<\/div>\n\t\t\t\t<\/div>\n\t\t\t\t\t\t<\/div>\n\t\t\t\t\t<\/div>\n\t\t<\/div>\n\t\t\t\t\t\t\t\t<\/div>\n\t\t\t\t\t<\/div>\n\t\t<\/section>\n\t\t\t\t\t\t\t\t\t<\/div>\n\t\t\t<\/div>\n\t\t\t\t\t<\/div>\n\t\t","protected":false},"excerpt":{"rendered":"<p>Zum zweiten Mal nach 2020 wurde das CRG als \u201eSchule der Zukunft\u201c vom Land NRW ausgezeichnet. Anders als vor vier Jahren, als die Veranstaltung wegen Corona ausfiel, konnten wir uns diesmal T\u00fcrschild, Urkunde, Banner usw. pers\u00f6nlich \u00fcberreichen lassen. Dazu reiste eine Abordnung der Schule-der-Zukunft-Gruppe am Dienstag, den 10.9. nach Schwerte. Mit dabei waren Frau Spallek, [&hellip;]<\/p>\n","protected":false},"author":9,"featured_media":5715,"comment_status":"open","ping_status":"open","sticky":false,"template":"","format":"standard","meta":{"footnotes":""},"categories":[4],"tags":[],"class_list":["post-5706","post","type-post","status-publish","format-standard","has-post-thumbnail","hentry","category-allgemein","gallery-content-unit"],"_links":{"self":[{"href":"https:\/\/crghagen.de\/index.php?rest_route=\/wp\/v2\/posts\/5706","targetHints":{"allow":["GET"]}}],"collection":[{"href":"https:\/\/crghagen.de\/index.php?rest_route=\/wp\/v2\/posts"}],"about":[{"href":"https:\/\/crghagen.de\/index.php?rest_route=\/wp\/v2\/types\/post"}],"author":[{"embeddable":true,"href":"https:\/\/crghagen.de\/index.php?rest_route=\/wp\/v2\/users\/9"}],"replies":[{"embeddable":true,"href":"https:\/\/crghagen.de\/index.php?rest_route=%2Fwp%2Fv2%2Fcomments&post=5706"}],"version-history":[{"count":7,"href":"https:\/\/crghagen.de\/index.php?rest_route=\/wp\/v2\/posts\/5706\/revisions"}],"predecessor-version":[{"id":5716,"href":"https:\/\/crghagen.de\/index.php?rest_route=\/wp\/v2\/posts\/5706\/revisions\/5716"}],"wp:featuredmedia":[{"embeddable":true,"href":"https:\/\/crghagen.de\/index.php?rest_route=\/wp\/v2\/media\/5715"}],"wp:attachment":[{"href":"https:\/\/crghagen.de\/index.php?rest_route=%2Fwp%2Fv2%2Fmedia&parent=5706"}],"wp:term":[{"taxonomy":"category","embeddable":true,"href":"https:\/\/crghagen.de\/index.php?rest_route=%2Fwp%2Fv2%2Fcategories&post=5706"},{"taxonomy":"post_tag","embeddable":true,"href":"https:\/\/crghagen.de\/index.php?rest_route=%2Fwp%2Fv2%2Ftags&post=5706"}],"curies":[{"name":"wp","href":"https:\/\/api.w.org\/{rel}","templated":true}]}}